{"id":30714,"date":"2022-01-24T08:00:02","date_gmt":"2022-01-24T08:00:02","guid":{"rendered":"https:\/\/www.microlise.com\/?post_type=news&#038;p=30714"},"modified":"2022-01-25T08:27:21","modified_gmt":"2022-01-25T08:27:21","slug":"bilan-des-resultats-commerciaux-et-nomination-dun-nouveau-directeur","status":"publish","type":"news","link":"https:\/\/www.microlise.com\/fr\/nouvelles\/bilan-des-resultats-commerciaux-et-nomination-dun-nouveau-directeur\/","title":{"rendered":"Bilan Des R\u00e9sultats Commerciaux  Et Nomination D\u2019un Nouveau Directeur"},"content":{"rendered":"<h5><strong><em>&lsquo;Une croissance r\u00e9siliente malgr\u00e9 des tensions sur les cha\u00eenes logistiques mondiales&rsquo;<\/em><\/strong><\/h5>\n<p>Microlise Group plc (AIM : SAAS), fournisseur leader de solutions de gestion des op\u00e9rations de transport pour les op\u00e9rateurs de flottes, a le plaisir de publier une synth\u00e8se de ses r\u00e9alisations au cours des\u00a0dix-huit mois pr\u00e9c\u00e9dents le 31 d\u00e9cembre 2021 (\u00a0\u00bb la p\u00e9riode \u00ab\u00a0). Le Groupe pr\u00e9voit de publier ses r\u00e9sultats pour la p\u00e9riode d\u00e9but avril.\u00a0En outre, le conseil d&rsquo;administration a le plaisir d&rsquo;annoncer la nomination de Lucy Sharman-Munday en tant que directrice non ex\u00e9cutive ind\u00e9pendante\u00a0; nomination qui prendra effet le 1er f\u00e9vrier 2022.<\/p>\n<h5><strong>Faits marquants<\/strong><\/h5>\n<ul>\n<li><span style=\"font-size: 1rem\">Forte croissance du chiffre d&rsquo;affaires et de l&rsquo;EBITDA, conform\u00e9ment aux attentes du march\u00e9.<\/span><\/li>\n<li>Le revenu annuel r\u00e9current (RRA) au 31 d\u00e9cembre 2021 \u00e9tait de 39,0 millions de livres sterling, soit une augmentation de 9 % par rapport \u00e0 d\u00e9cembre 2020 (35,7 millions de livres sterling).<\/li>\n<li>Tr\u00e9sorerie nette de 13,4 millions de livres sterling au 31 d\u00e9cembre 2021.<\/li>\n<li>Plus de 65 nouveaux clients au cours de la P\u00e9riode, auquel s\u2019ajoute des engagements longue dur\u00e9e sign\u00e9s avec des clients existants, dont un nouveau contrat sign\u00e9 avec JCB pour une dur\u00e9e de 5 ans, ce qui correspond \u00e0 une augmentation de 10 % du nombre d&rsquo;abonnements \u00e0 p\u00e9rim\u00e8tre constant, passant de 502 000 \u00e0 551 000.<\/li>\n<li>\u00c9largissement de l&rsquo;offre produits avec le lancement de nouvelles offres logicielles destin\u00e9es \u00e0 accro\u00eetre les revenus r\u00e9currents du portefeuille clients.<\/li>\n<li>Entr\u00e9e r\u00e9ussie sur le march\u00e9 AIM (Alternative\u00a0Investment Market) de la Bourse de Londres, qui a permis de lever 61,2 millions de livres sterling de produit brut, dont 18,6 millions de livres sterling pour la soci\u00e9t\u00e9, destin\u00e9es \u00e0 acc\u00e9l\u00e9rer la croissance organique du groupe et \u00e0 soutenir sa strat\u00e9gie de fusion et acquisition.<\/li>\n<\/ul>\n<p>Le Conseil d&rsquo;administration est satisfait des r\u00e9sultats obtenus par le Groupe au cours de cette p\u00e9riode. Cette nouvelle ann\u00e9e de croissance au cours de laquelle sa base clients s\u2019est \u00e9largie, d\u00e9montre sa capacit\u00e9 de r\u00e9silience malgr\u00e9 les d\u00e9fis que repr\u00e9sentent la p\u00e9nurie de puces \u00e9lectroniques et les tensions sur les cha\u00eenes logistiques mondiales.<\/p>\n<p>Le Groupe a sign\u00e9 plus de 65 nouveaux clients au cours de cette p\u00e9riode. De nouveaux engagements sur le long terme ont \u00e9t\u00e9 conclus avec un certain nombre de clients importants, dont JCB, qui a sign\u00e9 en ao\u00fbt 2021, un nouvel engagement pour une dur\u00e9e de 5 ans.<\/p>\n<p>Le taux de r\u00e9siliation des abonnements est rest\u00e9 tr\u00e8s bas au cours de la p\u00e9riode. Il se situe en dessous de 1%. Cette solide performance refl\u00e8te la confiance que ses clients lui accordent sur le long terme notamment en ce qui concerne sa plateforme technologique maintes fois prim\u00e9es et ses contrats SaaS.<\/p>\n<p>Au cours de la p\u00e9riode, le Groupe a investi dans sa force commerciale et dans le d\u00e9veloppement de nouveaux produits afin de saisir les opportunit\u00e9s qui se pr\u00e9sentent sur les march\u00e9s internationaux, notamment en France et en Australie.<\/p>\n<p>Les produits mis sur le march\u00e9 au cours de la p\u00e9riode ont d\u00e9j\u00e0 commenc\u00e9 \u00e0 g\u00e9n\u00e9rer de nouvelles consultations de la part de clients et de nouveaux contrats. C\u2019est le cas notamment du module de planification et d&rsquo;optimisation qui permet aux op\u00e9rateurs de planifier les itin\u00e9raires plus rapidement, de fa\u00e7on plus flexible et plus pr\u00e9cise, r\u00e9duisant ainsi les heures travaill\u00e9es et les kilom\u00e8tres parcourus. L\u2019entit\u00e9 TruTac a \u00e9galement lanc\u00e9 TruFleet, le logiciel de gestion de flotte certifi\u00e9 par la DVSA (Driver and Vehicle Standards Agency) qui aide les gestionnaires de transport \u00e0 planifier, organiser et contr\u00f4ler l\u2019exploitation quotidienne d\u2019une flotte et des licences des op\u00e9rateurs.<\/p>\n<h5>Perspectives<\/h5>\n<p>Le conseil d&rsquo;administration reste confiant quant aux perspectives de croissance du groupe. Sa croissance est en effet sous-tendue par des dynamiques \u00e9conomiques profondes. Le Groupe dispose d&rsquo;un large r\u00e9servoir d\u2019opportunit\u00e9s au Royaume-Uni et dans le reste du monde. Il continue d&rsquo;investir dans le d\u00e9veloppement de produits, malgr\u00e9 les difficult\u00e9s caus\u00e9es par la pand\u00e9mie et la p\u00e9nurie mondiale de puces \u00e9lectroniques.\u00a0 Le conseil d&rsquo;administration s&rsquo;attend \u00e0 ce que ces ruptures d&rsquo;approvisionnement perdurent en 2022 cependant la direction du groupe entend poursuivre et mettre en \u0153uvre ses projets afin d\u2019en limiter l&rsquo;impact.<\/p>\n<h5>Nomination d&rsquo;un Directeur<\/h5>\n<p>Le Groupe a le plaisir d&rsquo;annoncer que Lucy Sharman-Munday rejoindra le Conseil d&rsquo;administration le 1er f\u00e9vrier 2022 en tant que directrice non ex\u00e9cutive ind\u00e9pendante. Lucy pr\u00e9sidera le comit\u00e9 d&rsquo;audit.<\/p>\n<p>Forte de plus de 16 ans d&rsquo;exp\u00e9rience dans le secteur des technologies, ayant notamment travaill\u00e9 pour 5one Group, Adapt Group Ltd et iSOFT plc, Lucy est directrice financi\u00e8re d&rsquo;Eagle Eye Solutions Group PLC, une soci\u00e9t\u00e9 leader dans le domaine des technologies SaaS, cot\u00e9e sur le march\u00e9 AIM, qu&rsquo;elle a rejoint en 2014.\u00a0 Elle est \u00e9galement directrice non ex\u00e9cutive de Fonix Mobile PLC.\u00a0 Sa carri\u00e8re a d\u00e9but\u00e9 chez KPMG, et elle est membre de l&rsquo;Institut des comptables agr\u00e9\u00e9s d&rsquo;Angleterre et du Pays de Galles.<\/p>\n<p>\u00ab\u00a0En cette p\u00e9riode difficile que traverse le secteur du transport et de la logistique,\u00a0nous sommes heureux de fournir des r\u00e9sultats conformes aux attentes du march\u00e9\u00a0\u00bb, d\u00e9clare Nadeem Raza, PDG de Microlise. \u00ab\u00a0Nos performances ont \u00e9t\u00e9 soutenues par la fid\u00e9lisation de notre portefeuille clients et par la recherche de solutions technologiques durables, \u00e9volutives efficaces que Microlise sait fournir. Nous avons prolong\u00e9 les contrats de clients cl\u00e9s et acquis de nombreux clients op\u00e9rant des flottes importantes, ce qui assurera notre d\u00e9veloppement futur. Pour l&rsquo;avenir, nous disposons d&rsquo;une solide r\u00e9serve de nouveaux contrats, de nouveaux produits en cours de d\u00e9veloppement et d&rsquo;excellentes opportunit\u00e9s de march\u00e9.<\/p>\n<p>Le groupe est dot\u00e9 de moyens suffisants pour mener \u00e0 bien sa strat\u00e9gie d&rsquo;acquisition et s\u00e9lectionner de nouvelles soci\u00e9t\u00e9s cibles dans un large vivier d&rsquo;opportunit\u00e9s, afin d&rsquo;offrir une valeur \u00e0 long terme \u00e0 nos actionnaires.<\/p>\n<p>J&rsquo;aimerais saisir cette occasion pour souhaiter la bienvenue \u00e0 Lucy au sein de Microlise. Sa vaste exp\u00e9rience sera mise \u00e0 profit au sein de notre Conseil d&rsquo;administration\u00a0\u00bb, conclut-il.<\/p>\n<h5>Notes aux r\u00e9dacteurs<\/h5>\n<p>Les divulgations suivantes sont requises concernant la nomination de Lucy Sharman-Munday conform\u00e9ment \u00e0 l&rsquo;annexe deux paragraphe (g) des r\u00e8gles AIM pour les soci\u00e9t\u00e9s (\u00ab\u00a0r\u00e8gles AIM\u00a0\u00bb) :<\/p>\n<p>Nom complet : Lucinda Emma Joanna Sharman-Munday<\/p>\n<p>\u00c2ge : 44 ans<\/p>\n<p>Postes d&rsquo;administrateur actuels :<\/p>\n<ul>\n<li>Eagle Eye Solutions Group PLC<\/li>\n<li>Eagle Eye Solutions Limited<\/li>\n<li>Fonix Mobile PLC<\/li>\n<li>Eagle Eye Solutions (North) Limited<\/li>\n<li>Eagle Eye Solutions Inc.<\/li>\n<li>Eagle Eye Solutions Canada Limited<\/li>\n<li>Eagle Eye Solutions Australasia Pty Limited<\/li>\n<li>Eagle Eye Solutions New Zealand Limited<\/li>\n<\/ul>\n<p>Pr\u00e9c\u00e9dents mandats d&rsquo;administrateur au cours des cinq derni\u00e8res ann\u00e9es :<\/p>\n<ul>\n<li>Eagle Eye Solutions (Asia Pacific Pty) Limited.<\/li>\n<\/ul>\n<p>Mme Sharman-Munday ne d\u00e9tient pas d&rsquo;actions ordinaires de la soci\u00e9t\u00e9.<\/p>\n<p>\u00c0 l&rsquo;exception de ce qui est indiqu\u00e9 ci-dessus, il n&rsquo;y a pas d&rsquo;autres informations \u00e0 divulguer concernant Mme Sharman-Munday en vertu de l&rsquo;annexe 2(g) des r\u00e8gles de l&rsquo;AIM.<\/p>\n","protected":false},"excerpt":{"rendered":"<p>Microlise Group plc (AIM : SAAS) a le plaisir de publier une synth\u00e8se de ses r\u00e9alisations au cours des\u00a0dix-huit mois pr\u00e9c\u00e9dents le 31 d\u00e9cembre 2021&#8230;<\/p>\n","protected":false},"author":43,"featured_media":28979,"template":"","tags":[],"class_list":["post-30714","news","type-news","status-publish","has-post-thumbnail","hentry","entry"],"yoast_head":"<!-- This site is optimized with the Yoast SEO Premium plugin v25.7.1 (Yoast SEO v27.5) - https:\/\/yoast.com\/product\/yoast-seo-premium-wordpress\/ -->\n<title>Bilan Des R\u00e9sultats Commerciaux Et Nomination D\u2019un Nouveau Directeur - Microlise France<\/title>\n<meta name=\"description\" content=\"24 janvier 2022 - Bilan Des R\u00e9sultats Commerciaux Et Nomination D\u2019un Nouveau Directeur\" \/>\n<meta name=\"robots\" content=\"index, follow, max-snippet:-1, max-image-preview:large, max-video-preview:-1\" \/>\n<link rel=\"canonical\" href=\"https:\/\/www.microlise.com\/fr\/nouvelles\/bilan-des-resultats-commerciaux-et-nomination-dun-nouveau-directeur\/\" \/>\n<meta property=\"og:locale\" content=\"fr_FR\" \/>\n<meta property=\"og:type\" content=\"article\" \/>\n<meta property=\"og:title\" content=\"Bilan Des R\u00e9sultats Commerciaux Et Nomination D\u2019un Nouveau Directeur\" \/>\n<meta property=\"og:description\" content=\"24 janvier 2022 - Bilan Des R\u00e9sultats Commerciaux Et Nomination D\u2019un Nouveau Directeur\" \/>\n<meta property=\"og:url\" content=\"https:\/\/www.microlise.com\/fr\/nouvelles\/bilan-des-resultats-commerciaux-et-nomination-dun-nouveau-directeur\/\" \/>\n<meta property=\"og:site_name\" content=\"Microlise France\" \/>\n<meta property=\"article:publisher\" content=\"https:\/\/www.facebook.com\/MicroliseFR\/\" \/>\n<meta property=\"article:modified_time\" content=\"2022-01-25T08:27:21+00:00\" \/>\n<meta property=\"og:image\" content=\"https:\/\/www.microlise.com\/wp-content\/uploads\/2021\/07\/Feature-Microlise_0055_retouch-960x560-1.jpg\" \/>\n\t<meta property=\"og:image:width\" content=\"960\" \/>\n\t<meta property=\"og:image:height\" content=\"560\" \/>\n\t<meta property=\"og:image:type\" content=\"image\/jpeg\" \/>\n<meta name=\"twitter:card\" content=\"summary_large_image\" \/>\n<meta name=\"twitter:site\" content=\"@microlise\" \/>\n<meta name=\"twitter:label1\" content=\"Dur\u00e9e de lecture estim\u00e9e\" \/>\n\t<meta name=\"twitter:data1\" content=\"5 minutes\" \/>\n<script type=\"application\/ld+json\" class=\"yoast-schema-graph\">{\"@context\":\"https:\\\/\\\/schema.org\",\"@graph\":[{\"@type\":\"WebPage\",\"@id\":\"https:\\\/\\\/www.microlise.com\\\/fr\\\/nouvelles\\\/bilan-des-resultats-commerciaux-et-nomination-dun-nouveau-directeur\\\/\",\"url\":\"https:\\\/\\\/www.microlise.com\\\/fr\\\/nouvelles\\\/bilan-des-resultats-commerciaux-et-nomination-dun-nouveau-directeur\\\/\",\"name\":\"Bilan Des R\u00e9sultats Commerciaux Et Nomination D\u2019un Nouveau Directeur - Microlise France\",\"isPartOf\":{\"@id\":\"https:\\\/\\\/www.microlise.com\\\/fr\\\/#website\"},\"primaryImageOfPage\":{\"@id\":\"https:\\\/\\\/www.microlise.com\\\/fr\\\/nouvelles\\\/bilan-des-resultats-commerciaux-et-nomination-dun-nouveau-directeur\\\/#primaryimage\"},\"image\":{\"@id\":\"https:\\\/\\\/www.microlise.com\\\/fr\\\/nouvelles\\\/bilan-des-resultats-commerciaux-et-nomination-dun-nouveau-directeur\\\/#primaryimage\"},\"thumbnailUrl\":\"https:\\\/\\\/www.microlise.com\\\/wp-content\\\/uploads\\\/2021\\\/07\\\/Feature-Microlise_0055_retouch-960x560-1.jpg\",\"datePublished\":\"2022-01-24T08:00:02+00:00\",\"dateModified\":\"2022-01-25T08:27:21+00:00\",\"description\":\"24 janvier 2022 - Bilan Des R\u00e9sultats Commerciaux Et Nomination D\u2019un Nouveau Directeur\",\"breadcrumb\":{\"@id\":\"https:\\\/\\\/www.microlise.com\\\/fr\\\/nouvelles\\\/bilan-des-resultats-commerciaux-et-nomination-dun-nouveau-directeur\\\/#breadcrumb\"},\"inLanguage\":\"fr-FR\",\"potentialAction\":[{\"@type\":\"ReadAction\",\"target\":[\"https:\\\/\\\/www.microlise.com\\\/fr\\\/nouvelles\\\/bilan-des-resultats-commerciaux-et-nomination-dun-nouveau-directeur\\\/\"]}]},{\"@type\":\"ImageObject\",\"inLanguage\":\"fr-FR\",\"@id\":\"https:\\\/\\\/www.microlise.com\\\/fr\\\/nouvelles\\\/bilan-des-resultats-commerciaux-et-nomination-dun-nouveau-directeur\\\/#primaryimage\",\"url\":\"https:\\\/\\\/www.microlise.com\\\/wp-content\\\/uploads\\\/2021\\\/07\\\/Feature-Microlise_0055_retouch-960x560-1.jpg\",\"contentUrl\":\"https:\\\/\\\/www.microlise.com\\\/wp-content\\\/uploads\\\/2021\\\/07\\\/Feature-Microlise_0055_retouch-960x560-1.jpg\",\"width\":960,\"height\":560},{\"@type\":\"BreadcrumbList\",\"@id\":\"https:\\\/\\\/www.microlise.com\\\/fr\\\/nouvelles\\\/bilan-des-resultats-commerciaux-et-nomination-dun-nouveau-directeur\\\/#breadcrumb\",\"itemListElement\":[{\"@type\":\"ListItem\",\"position\":1,\"name\":\"Home\",\"item\":\"https:\\\/\\\/www.microlise.com\\\/fr\\\/\"},{\"@type\":\"ListItem\",\"position\":2,\"name\":\"News\",\"item\":\"https:\\\/\\\/www.microlise.com\\\/fr\\\/nouvelles\\\/\"},{\"@type\":\"ListItem\",\"position\":3,\"name\":\"Bilan Des R\u00e9sultats Commerciaux Et Nomination D\u2019un Nouveau Directeur\"}]},{\"@type\":\"WebSite\",\"@id\":\"https:\\\/\\\/www.microlise.com\\\/fr\\\/#website\",\"url\":\"https:\\\/\\\/www.microlise.com\\\/fr\\\/\",\"name\":\"Microlise France\",\"description\":\"Telematics, Transport &amp; Fleet Management Solutions\",\"publisher\":{\"@id\":\"https:\\\/\\\/www.microlise.com\\\/fr\\\/#organization\"},\"alternateName\":\"Microlise\",\"potentialAction\":[{\"@type\":\"SearchAction\",\"target\":{\"@type\":\"EntryPoint\",\"urlTemplate\":\"https:\\\/\\\/www.microlise.com\\\/fr\\\/?s={search_term_string}\"},\"query-input\":{\"@type\":\"PropertyValueSpecification\",\"valueRequired\":true,\"valueName\":\"search_term_string\"}}],\"inLanguage\":\"fr-FR\"},{\"@type\":\"Organization\",\"@id\":\"https:\\\/\\\/www.microlise.com\\\/fr\\\/#organization\",\"name\":\"Microlise\",\"alternateName\":\"Microlise\",\"url\":\"https:\\\/\\\/www.microlise.com\\\/fr\\\/\",\"logo\":{\"@type\":\"ImageObject\",\"inLanguage\":\"fr-FR\",\"@id\":\"https:\\\/\\\/www.microlise.com\\\/fr\\\/#\\\/schema\\\/logo\\\/image\\\/\",\"url\":\"https:\\\/\\\/www.microlise.com\\\/wp-content\\\/uploads\\\/2024\\\/06\\\/cropped-Microlise-Logo-Primary-Electric-1.png\",\"contentUrl\":\"https:\\\/\\\/www.microlise.com\\\/wp-content\\\/uploads\\\/2024\\\/06\\\/cropped-Microlise-Logo-Primary-Electric-1.png\",\"width\":235,\"height\":30,\"caption\":\"Microlise\"},\"image\":{\"@id\":\"https:\\\/\\\/www.microlise.com\\\/fr\\\/#\\\/schema\\\/logo\\\/image\\\/\"},\"sameAs\":[\"https:\\\/\\\/www.facebook.com\\\/MicroliseFR\\\/\",\"https:\\\/\\\/x.com\\\/microlise\",\"https:\\\/\\\/www.linkedin.com\\\/company\\\/microlise\",\"https:\\\/\\\/www.youtube.com\\\/user\\\/MicroliseLtd\"]}]}<\/script>\n<!-- \/ Yoast SEO Premium plugin. -->","yoast_head_json":{"title":"Bilan Des R\u00e9sultats Commerciaux Et Nomination D\u2019un Nouveau Directeur - Microlise France","description":"24 janvier 2022 - Bilan Des R\u00e9sultats Commerciaux Et Nomination D\u2019un Nouveau Directeur","robots":{"index":"index","follow":"follow","max-snippet":"max-snippet:-1","max-image-preview":"max-image-preview:large","max-video-preview":"max-video-preview:-1"},"canonical":"https:\/\/www.microlise.com\/fr\/nouvelles\/bilan-des-resultats-commerciaux-et-nomination-dun-nouveau-directeur\/","og_locale":"fr_FR","og_type":"article","og_title":"Bilan Des R\u00e9sultats Commerciaux Et Nomination D\u2019un Nouveau Directeur","og_description":"24 janvier 2022 - Bilan Des R\u00e9sultats Commerciaux Et Nomination D\u2019un Nouveau Directeur","og_url":"https:\/\/www.microlise.com\/fr\/nouvelles\/bilan-des-resultats-commerciaux-et-nomination-dun-nouveau-directeur\/","og_site_name":"Microlise France","article_publisher":"https:\/\/www.facebook.com\/MicroliseFR\/","article_modified_time":"2022-01-25T08:27:21+00:00","og_image":[{"width":960,"height":560,"url":"https:\/\/www.microlise.com\/wp-content\/uploads\/2021\/07\/Feature-Microlise_0055_retouch-960x560-1.jpg","type":"image\/jpeg"}],"twitter_card":"summary_large_image","twitter_site":"@microlise","twitter_misc":{"Dur\u00e9e de lecture estim\u00e9e":"5 minutes"},"schema":{"@context":"https:\/\/schema.org","@graph":[{"@type":"WebPage","@id":"https:\/\/www.microlise.com\/fr\/nouvelles\/bilan-des-resultats-commerciaux-et-nomination-dun-nouveau-directeur\/","url":"https:\/\/www.microlise.com\/fr\/nouvelles\/bilan-des-resultats-commerciaux-et-nomination-dun-nouveau-directeur\/","name":"Bilan Des R\u00e9sultats Commerciaux Et Nomination D\u2019un Nouveau Directeur - Microlise France","isPartOf":{"@id":"https:\/\/www.microlise.com\/fr\/#website"},"primaryImageOfPage":{"@id":"https:\/\/www.microlise.com\/fr\/nouvelles\/bilan-des-resultats-commerciaux-et-nomination-dun-nouveau-directeur\/#primaryimage"},"image":{"@id":"https:\/\/www.microlise.com\/fr\/nouvelles\/bilan-des-resultats-commerciaux-et-nomination-dun-nouveau-directeur\/#primaryimage"},"thumbnailUrl":"https:\/\/www.microlise.com\/wp-content\/uploads\/2021\/07\/Feature-Microlise_0055_retouch-960x560-1.jpg","datePublished":"2022-01-24T08:00:02+00:00","dateModified":"2022-01-25T08:27:21+00:00","description":"24 janvier 2022 - Bilan Des R\u00e9sultats Commerciaux Et Nomination D\u2019un Nouveau Directeur","breadcrumb":{"@id":"https:\/\/www.microlise.com\/fr\/nouvelles\/bilan-des-resultats-commerciaux-et-nomination-dun-nouveau-directeur\/#breadcrumb"},"inLanguage":"fr-FR","potentialAction":[{"@type":"ReadAction","target":["https:\/\/www.microlise.com\/fr\/nouvelles\/bilan-des-resultats-commerciaux-et-nomination-dun-nouveau-directeur\/"]}]},{"@type":"ImageObject","inLanguage":"fr-FR","@id":"https:\/\/www.microlise.com\/fr\/nouvelles\/bilan-des-resultats-commerciaux-et-nomination-dun-nouveau-directeur\/#primaryimage","url":"https:\/\/www.microlise.com\/wp-content\/uploads\/2021\/07\/Feature-Microlise_0055_retouch-960x560-1.jpg","contentUrl":"https:\/\/www.microlise.com\/wp-content\/uploads\/2021\/07\/Feature-Microlise_0055_retouch-960x560-1.jpg","width":960,"height":560},{"@type":"BreadcrumbList","@id":"https:\/\/www.microlise.com\/fr\/nouvelles\/bilan-des-resultats-commerciaux-et-nomination-dun-nouveau-directeur\/#breadcrumb","itemListElement":[{"@type":"ListItem","position":1,"name":"Home","item":"https:\/\/www.microlise.com\/fr\/"},{"@type":"ListItem","position":2,"name":"News","item":"https:\/\/www.microlise.com\/fr\/nouvelles\/"},{"@type":"ListItem","position":3,"name":"Bilan Des R\u00e9sultats Commerciaux Et Nomination D\u2019un Nouveau Directeur"}]},{"@type":"WebSite","@id":"https:\/\/www.microlise.com\/fr\/#website","url":"https:\/\/www.microlise.com\/fr\/","name":"Microlise France","description":"Telematics, Transport &amp; Fleet Management Solutions","publisher":{"@id":"https:\/\/www.microlise.com\/fr\/#organization"},"alternateName":"Microlise","potentialAction":[{"@type":"SearchAction","target":{"@type":"EntryPoint","urlTemplate":"https:\/\/www.microlise.com\/fr\/?s={search_term_string}"},"query-input":{"@type":"PropertyValueSpecification","valueRequired":true,"valueName":"search_term_string"}}],"inLanguage":"fr-FR"},{"@type":"Organization","@id":"https:\/\/www.microlise.com\/fr\/#organization","name":"Microlise","alternateName":"Microlise","url":"https:\/\/www.microlise.com\/fr\/","logo":{"@type":"ImageObject","inLanguage":"fr-FR","@id":"https:\/\/www.microlise.com\/fr\/#\/schema\/logo\/image\/","url":"https:\/\/www.microlise.com\/wp-content\/uploads\/2024\/06\/cropped-Microlise-Logo-Primary-Electric-1.png","contentUrl":"https:\/\/www.microlise.com\/wp-content\/uploads\/2024\/06\/cropped-Microlise-Logo-Primary-Electric-1.png","width":235,"height":30,"caption":"Microlise"},"image":{"@id":"https:\/\/www.microlise.com\/fr\/#\/schema\/logo\/image\/"},"sameAs":["https:\/\/www.facebook.com\/MicroliseFR\/","https:\/\/x.com\/microlise","https:\/\/www.linkedin.com\/company\/microlise","https:\/\/www.youtube.com\/user\/MicroliseLtd"]}]}},"cmb2":{"_thumbnail_fields":{"_thumbnail_caption":"","_thumbnail_hide":""}},"_links":{"self":[{"href":"https:\/\/www.microlise.com\/fr\/wp-json\/wp\/v2\/news\/30714","targetHints":{"allow":["GET"]}}],"collection":[{"href":"https:\/\/www.microlise.com\/fr\/wp-json\/wp\/v2\/news"}],"about":[{"href":"https:\/\/www.microlise.com\/fr\/wp-json\/wp\/v2\/types\/news"}],"author":[{"embeddable":true,"href":"https:\/\/www.microlise.com\/fr\/wp-json\/wp\/v2\/users\/43"}],"wp:featuredmedia":[{"embeddable":true,"href":"https:\/\/www.microlise.com\/fr\/wp-json\/wp\/v2\/media\/28979"}],"wp:attachment":[{"href":"https:\/\/www.microlise.com\/fr\/wp-json\/wp\/v2\/media?parent=30714"}],"wp:term":[{"taxonomy":"post_tag","embeddable":true,"href":"https:\/\/www.microlise.com\/fr\/wp-json\/wp\/v2\/tags?post=30714"}],"curies":[{"name":"wp","href":"https:\/\/api.w.org\/{rel}","templated":true}]}}